{"id":281,"date":"2023-03-21T17:02:20","date_gmt":"2023-03-21T17:02:20","guid":{"rendered":"https:\/\/txokoloft.com\/?p=281"},"modified":"2023-03-21T17:04:01","modified_gmt":"2023-03-21T17:04:01","slug":"el-torreon-rehabilitado-del-castillo-de-cortes-ya-se-puede-visitar","status":"publish","type":"post","link":"https:\/\/txokoloft.com\/fr\/el-torreon-rehabilitado-del-castillo-de-cortes-ya-se-puede-visitar\/","title":{"rendered":"El Torre\u00f3n rehabilitado del Castillo de Cortes ya se puede visitar"},"content":{"rendered":"<h2 class=\"wp-block-heading\">Con una inversi\u00f3n de 286.657 euros, estas actuaciones han estado destinadas a la continuaci\u00f3n de los trabajos de conservaci\u00f3n del castillo, que han tenido lugar desde el a\u00f1o 2004 mediante diversos proyectos.<\/h2>\n\n\n\n<p>La consejera del Departamento de Cultura y Deporte, Rebeca Esnaola, y el alcalde del municipio, Fernando Sierra, visitaron recientemente el Torre\u00f3n de Cortes, tras la finalizaci\u00f3n de las obras de restauraci\u00f3n del interior y del exterior del edificio, recuperando su estabilidad estructural y constructiva. Tras la finalizaci\u00f3n del proceso, se podr\u00e1 incorporar por primera vez el torre\u00f3n a las visitas p\u00fablicas del castillo, declarado en 1993 Bien de Inter\u00e9s Cultural, con categor\u00eda monumento hist\u00f3rico-art\u00edstico.<\/p>\n\n\n\n<p>El proyecto, promovido por Cultura y el Consistorio de Cortes, ha sido redactado por I\u00f1igo Esparza Andr\u00e9s, arquitecto municipal de Cortes, y Javier Sancho Domingo, arquitecto de la Secci\u00f3n de Patrimonio Arquitect\u00f3nico de la Instituci\u00f3n Pr\u00edncipe de Viana. Se han ejecutado tres niveles de actuaci\u00f3n, siguiendo los criterios marcados por la Instituci\u00f3n Pr\u00edncipe de Viana en anteriores obras. La ejecuci\u00f3n de las obras ha sido adjudicada a la empresa Construcciones Rubio Morte S.A. por un importe de 286.657,22 euros, IVA incluido.<\/p>\n\n\n\n<p>Estas actuaciones han estado destinadas a la continuaci\u00f3n de los trabajos de conservaci\u00f3n y rehabilitaci\u00f3n del castillo, que han tenido lugar desde el a\u00f1o 2004 mediante diversos proyectos, cuando presentaba un aspecto de deterioro considerable, consecuencia de las inclemencias meteorolog\u00edas y del abandono.<\/p>\n\n\n\n<figure class=\"wp-block-image size-large\"><img loading=\"lazy\" decoding=\"async\" width=\"1024\" height=\"768\" src=\"https:\/\/txokoloft.com\/wp-content\/uploads\/2023\/03\/Torreon-del-Castillo-de-Cortes-2-1024x768.jpg\" alt=\"\" class=\"wp-image-283\" srcset=\"https:\/\/txokoloft.com\/wp-content\/uploads\/2023\/03\/Torreon-del-Castillo-de-Cortes-2-1024x768.jpg 1024w, https:\/\/txokoloft.com\/wp-content\/uploads\/2023\/03\/Torreon-del-Castillo-de-Cortes-2-300x225.jpg 300w, https:\/\/txokoloft.com\/wp-content\/uploads\/2023\/03\/Torreon-del-Castillo-de-Cortes-2-768x576.jpg 768w, https:\/\/txokoloft.com\/wp-content\/uploads\/2023\/03\/Torreon-del-Castillo-de-Cortes-2-16x12.jpg 16w, https:\/\/txokoloft.com\/wp-content\/uploads\/2023\/03\/Torreon-del-Castillo-de-Cortes-2.jpg 1200w\" sizes=\"auto, (max-width: 1024px) 100vw, 1024px\" \/><\/figure>\n\n\n\n<h3 class=\"wp-block-heading\"><strong>Obras de restauraci\u00f3n acometidas<\/strong><\/h3>\n\n\n\n<p>Por un lado, se han recuperado los forjados en todos los niveles del torre\u00f3n, desde la solera hasta la cubierta. Algunos de ellos se han reforzado, conservando las soliver\u00edas de madera y viguetas para no modificar el aspecto actual de las salas, y otros se han sustituido completamente por encontrarse colapsados. La intervenci\u00f3n no ha estado exenta de complicaciones como la aparici\u00f3n inesperada de una c\u00e1mara abovedada subterr\u00e1nea por debajo de la c\u00e1mara abovedada del ingreso y el desplome del tramo de escalera de caracol entre los forjados antepen\u00faltimo y pen\u00faltimo poco antes de iniciar su desmontado, que han dificultado la marcha de las obras de restauraci\u00f3n.<\/p>\n\n\n\n<p>Por otro lado, se ha rehabilitado completamente el exterior del torre\u00f3n, realizando una revisi\u00f3n del muro estructural, sellado de grietas y fisuras, limpieza y rejuntado de f\u00e1brica de piedra, y renovaci\u00f3n de carpinter\u00edas y rejas. Adem\u00e1s, se han acondicionado las salas, reparado revestimientos y solados, as\u00ed como carpinter\u00edas interiores de madera. Tambi\u00e9n se ha reparado el sistema de recogida de pluviales actual mediante la sustituci\u00f3n de las actuales g\u00e1rgolas, se ha renovado el sistema de electricidad y se han instalado medidas de protecci\u00f3n contra incendios.<\/p>\n\n\n\n<p>En la llamada sala de estudio o biblioteca, la intervenci\u00f3n ha consistido exclusivamente en la adecuaci\u00f3n estructural y constructiva de la sala. No se ha actuado sobre el papel pintado con escena b\u00e9lica, que parece representar la conocida como Guerra de \u00c1frica o Guerra de Marruecos (1859-1860). El Ayuntamiento deber\u00e1 valorar la oportunidad de contratar una intervenci\u00f3n de restauraci\u00f3n de este elemento decorativo a fin de mejorar la sala para las visitas guiadas del torre\u00f3n. En cualquier caso, ser\u00eda oportuno contar con estudios previos de restauraci\u00f3n de materiales gr\u00e1ficos para evaluar el alcance de la intervenci\u00f3n.<\/p>\n\n\n\n<figure class=\"wp-block-image size-large\"><img loading=\"lazy\" decoding=\"async\" width=\"1024\" height=\"512\" src=\"https:\/\/txokoloft.com\/wp-content\/uploads\/2023\/03\/Torreon-del-Castillo-de-Cortes-4-1024x512.jpg\" alt=\"\" class=\"wp-image-285\" srcset=\"https:\/\/txokoloft.com\/wp-content\/uploads\/2023\/03\/Torreon-del-Castillo-de-Cortes-4-1024x512.jpg 1024w, https:\/\/txokoloft.com\/wp-content\/uploads\/2023\/03\/Torreon-del-Castillo-de-Cortes-4-300x150.jpg 300w, https:\/\/txokoloft.com\/wp-content\/uploads\/2023\/03\/Torreon-del-Castillo-de-Cortes-4-768x384.jpg 768w, https:\/\/txokoloft.com\/wp-content\/uploads\/2023\/03\/Torreon-del-Castillo-de-Cortes-4-18x9.jpg 18w, https:\/\/txokoloft.com\/wp-content\/uploads\/2023\/03\/Torreon-del-Castillo-de-Cortes-4.jpg 1200w\" sizes=\"auto, (max-width: 1024px) 100vw, 1024px\" \/><\/figure>\n\n\n\n<h3 class=\"wp-block-heading\"><strong>Historia del castillo<\/strong><\/h3>\n\n\n\n<p>Seg\u00fan el historiador Juan Jos\u00e9 Martinena Ruiz, en sus or\u00edgenes, all\u00e1 por el siglo X, este castillo fue una fortaleza musulmana, enclavada en un territorio que durante dos siglos estuvo controlado por el belicoso clan mulad\u00ed de los Banu Qasi. Su torre permitir\u00eda probablemente la comunicaci\u00f3n mediante se\u00f1ales \u2013ahumadas durante el d\u00eda y antorchas por la noche- con otras atalayas o fumarolas situadas en distintos puntos del valle del Ebro, alertando de posibles incursiones armadas por arte de las huestes cristianas.<\/p>\n\n\n\n<p>Tras la reconquista de Tudela y su comarca por Alfonso I el Batallador el a\u00f1o 1119, el rey confi\u00f3 su guarda al noble Ram\u00f3n de Alperche, hermano del conde don Rotrou, el noble caballero que al frente de sus huestes tom\u00f3 la ciudad ribera en aquella campa\u00f1a.&nbsp; En los primeros a\u00f1os del siglo XIII el se\u00f1or\u00edo de Cortes pertenec\u00eda al linaje de los Abarca. En 1203, don Pedro Abarca cedi\u00f3 en su testamento la iglesia del lugar al cabildo de la colegiata de Tudela, lo que dio lugar a un litigio con el obispado de Zaragoza, a cuya jurisdicci\u00f3n pertenec\u00eda en lo eclesi\u00e1stico.<\/p>\n\n\n\n<p>Veinte a\u00f1os m\u00e1s tarde, en la etapa final de su reinado, Sancho el Fuerte, siguiendo su pol\u00edtica de aumentar las posesiones vinculadas al patrimonio real, parece que trat\u00f3 de adquirir la villa con su castillo, pero falleci\u00f3 sin ver cumplido su deseo. En 1234, tras la muerte del monarca, su sucesor Teobaldo I de Champa\u00f1a los permut\u00f3 con do\u00f1a Toda Roiz, hija de don Rodrigo Abarca, por otros once lugares. A partir de entonces, a lo largo de los siglos XIII y XIV, los reyes sucesivos nombraron a sus alcaides y autorizaron las obras de reparaci\u00f3n de muros y torres, que los recibidores de la Ribera pagaban con cargo a las rentas de la merindad.&nbsp;<\/p>\n\n\n\n<p>Por su situaci\u00f3n estrat\u00e9gica, en plena frontera con Arag\u00f3n y no lejos de la de Castilla, esta fortaleza result\u00f3 afectada en mayor o menor medida en varios momentos de conflicto armado con o entre ambos reinos. En tiempos belicosos, sobre todo en poblaciones fortificadas, aparte del alcaide se sol\u00eda nombrar un capit\u00e1n, que mandaba la guarnici\u00f3n enviada para defender la villa y tambi\u00e9n a los propios vecinos, armados en la forma que cada uno pod\u00eda. As\u00ed vemos que en enero de 1366 se nombr\u00f3 capit\u00e1n de Cort\u00e9s a Pedro Ladr\u00f3n de Go\u00f1i. En 1367 las temidas grandes compa\u00f1\u00edas de Beltr\u00e1n du Guesclin acamparon aqu\u00ed durante alg\u00fan tiempo, cometiendo numerosos abusos y tropel\u00edas, causando muchos da\u00f1os y perjuicios a la poblaci\u00f3n y provocando la huida de los vecinos moros y de sus familias. Debido a ese car\u00e1cter fronterizo, el pueblo de Cortes, adem\u00e1s de contar con un importante castillo, estuvo antiguamente amurallado. En 1802 \u2013seg\u00fan lo atestigua el Diccionario geogr\u00e1fico-hist\u00f3rico publicado ese a\u00f1o por la Real Academia de la Historia- todav\u00eda se conservaban en pie \u201cparte de los muros que defend\u00edan la villa y las dos puertas por donde se entraba\u201d.<\/p>\n\n\n\n<p>El castillo de Cortes fue declarado Bien de Inter\u00e9s Cultural con categor\u00eda monumento hist\u00f3rico-art\u00edstico por Decreto Foral 31\/1993, de 1 de febrero. Son de aplicaci\u00f3n las disposiciones de la Ley Foral 14\/2005, del Patrimonio Cultural de Navarra.<\/p>\n\n\n\n<p>En la actualidad, el uso principal del castillo es la visita p\u00fablica. El Ayuntamiento, con la colaboraci\u00f3n de la asociaci\u00f3n de Amigos del Castillo de Cortes, viene acondicionando desde hace a\u00f1os de forma progresiva las estancias con su mobiliario y hoy en d\u00eda se puede visitar la mayor parte del monumento. Ahora se incorporar\u00e1 a la visita al torre\u00f3n como parte del conjunto del castillo.<\/p>\n\n\n\n<figure class=\"wp-block-image size-large\"><img loading=\"lazy\" decoding=\"async\" width=\"768\" height=\"1024\" src=\"https:\/\/txokoloft.com\/wp-content\/uploads\/2023\/03\/Torreon-del-Castillo-de-Cortes-1-768x1024.jpg\" alt=\"\" class=\"wp-image-282\" srcset=\"https:\/\/txokoloft.com\/wp-content\/uploads\/2023\/03\/Torreon-del-Castillo-de-Cortes-1-768x1024.jpg 768w, https:\/\/txokoloft.com\/wp-content\/uploads\/2023\/03\/Torreon-del-Castillo-de-Cortes-1-225x300.jpg 225w, https:\/\/txokoloft.com\/wp-content\/uploads\/2023\/03\/Torreon-del-Castillo-de-Cortes-1-9x12.jpg 9w, https:\/\/txokoloft.com\/wp-content\/uploads\/2023\/03\/Torreon-del-Castillo-de-Cortes-1.jpg 770w\" sizes=\"auto, (max-width: 768px) 100vw, 768px\" \/><\/figure>","protected":false},"excerpt":{"rendered":"<p>Con una inversi\u00f3n de 286.657 euros, estas actuaciones han estado destinadas a la continuaci\u00f3n de los trabajos de conservaci\u00f3n del castillo, que han tenido lugar desde el a\u00f1o 2004 mediante diversos proyectos. La consejera del Departamento de Cultura y Deporte, Rebeca Esnaola, y el alcalde del municipio, Fernando Sierra, visitaron [&hellip;]<\/p>","protected":false},"author":1,"featured_media":282,"comment_status":"open","ping_status":"open","sticky":false,"template":"","format":"standard","meta":{"footnotes":""},"categories":[7],"tags":[],"class_list":["post-281","post","type-post","status-publish","format-standard","has-post-thumbnail","hentry","category-patrimonio"],"jetpack_sharing_enabled":true,"jetpack_featured_media_url":"https:\/\/txokoloft.com\/wp-content\/uploads\/2023\/03\/Torreon-del-Castillo-de-Cortes-1.jpg","_links":{"self":[{"href":"https:\/\/txokoloft.com\/fr\/wp-json\/wp\/v2\/posts\/281","targetHints":{"allow":["GET"]}}],"collection":[{"href":"https:\/\/txokoloft.com\/fr\/wp-json\/wp\/v2\/posts"}],"about":[{"href":"https:\/\/txokoloft.com\/fr\/wp-json\/wp\/v2\/types\/post"}],"author":[{"embeddable":true,"href":"https:\/\/txokoloft.com\/fr\/wp-json\/wp\/v2\/users\/1"}],"replies":[{"embeddable":true,"href":"https:\/\/txokoloft.com\/fr\/wp-json\/wp\/v2\/comments?post=281"}],"version-history":[{"count":2,"href":"https:\/\/txokoloft.com\/fr\/wp-json\/wp\/v2\/posts\/281\/revisions"}],"predecessor-version":[{"id":287,"href":"https:\/\/txokoloft.com\/fr\/wp-json\/wp\/v2\/posts\/281\/revisions\/287"}],"wp:featuredmedia":[{"embeddable":true,"href":"https:\/\/txokoloft.com\/fr\/wp-json\/wp\/v2\/media\/282"}],"wp:attachment":[{"href":"https:\/\/txokoloft.com\/fr\/wp-json\/wp\/v2\/media?parent=281"}],"wp:term":[{"taxonomy":"category","embeddable":true,"href":"https:\/\/txokoloft.com\/fr\/wp-json\/wp\/v2\/categories?post=281"},{"taxonomy":"post_tag","embeddable":true,"href":"https:\/\/txokoloft.com\/fr\/wp-json\/wp\/v2\/tags?post=281"}],"curies":[{"name":"wp","href":"https:\/\/api.w.org\/{rel}","templated":true}]}}